{"id":1008,"date":"2024-01-10T15:15:21","date_gmt":"2024-01-10T18:15:21","guid":{"rendered":"https:\/\/vilaflor.rn.gov.br\/transparencia\/?p=1008"},"modified":"2025-04-23T15:16:35","modified_gmt":"2025-04-23T18:16:35","slug":"portaria-no-008-2023-gab-pref-designa-agente-de-contratacao-pregoeiro-e-equipe-de-apoio-para-conduzir-as-contratacoes-diretas-e-procedimentos-licitatorios-no-ambito-da-prefeitura-municip","status":"publish","type":"post","link":"https:\/\/vilaflor.rn.gov.br\/transparencia\/portaria-no-008-2023-gab-pref-designa-agente-de-contratacao-pregoeiro-e-equipe-de-apoio-para-conduzir-as-contratacoes-diretas-e-procedimentos-licitatorios-no-ambito-da-prefeitura-municip\/","title":{"rendered":"PORTARIA N\u00ba 008\/2023 \u2013 GAB\/PREF. &#8211; Designa agente de contrata\u00e7\u00e3o, pregoeiro e equipe de apoio para conduzir as contrata\u00e7\u00f5es diretas e procedimentos licitat\u00f3rios no \u00e2mbito da Prefeitura Municipal de Vila Flor\/RN, disciplinadas pela Lei Federal n.\u00ba 14.133\/2021, no ano de 2024, e d\u00e1 outras provid\u00eancias."},"content":{"rendered":"<div id=\"separador\" class=\"cabecalhoEstadoSeparador cabecalhoEstadoSeparador1\">\n<p style=\"text-align: center;\"><strong>ESTADO DO RIO GRANDE DO NORTE<\/strong><br \/>\n<strong>PREFEITURA MUNICIPAL DE VILA FLOR<\/strong><\/p>\n<\/div>\n<p class=\"cabecaorgao\" style=\"text-align: center;\"><strong>SECRETARIA MUNICIPAL DE ADMINISTRA\u00c7\u00c3O<\/strong><\/p>\n<hr \/>\n<div id=\"materia\" class=\"materia materia20091123 materia1\">\n<p>PORTARIA N\u00ba 008\/2023 \u2013 GAB\/PREF.<\/p>\n<div class=\"mat\"><b>10 DE JANEIRO DE 2024<\/b><\/div>\n<p>&nbsp;<\/p>\n<p>Designa agente de contrata\u00e7\u00e3o, pregoeiro e equipe de apoio para conduzir as contrata\u00e7\u00f5es diretas e procedimentos licitat\u00f3rios no \u00e2mbito da Prefeitura Municipal de Vila Flor\/RN, disciplinadas pela Lei Federal n.\u00ba 14.133\/2021, no ano de 2024, e d\u00e1 outras provid\u00eancias.<\/p>\n<p>&nbsp;<\/p>\n<p>A Prefeita do Munic\u00edpio de Vila Flor\/RN, no uso de suas atribui\u00e7\u00f5es legais que lhes s\u00e3o conferidas na organiza\u00e7\u00e3o administrativa para o funcionamento do Poder Executivo, em vista o art. 1\u00ba do\u00a0<b>DECRETO MUNICIPAL N\u00ba 11, DE 09 DE JANEIRO DE 2024<\/b>, RESOLVE:<\/p>\n<p>&nbsp;<\/p>\n<p>Art. 1<\/p>\n<p>\u00ba Designar o servidor p\u00fablico comissionado\u00a0<b>KEDSON JOS\u00c9 DE LIMA,\u00a0<\/b>inscrito no CPF sob o n.\u00ba 028.XXX.XXX-23, para exercer as fun\u00e7\u00f5es de\u00a0<b>AGENTE DE CONTRATA\u00c7\u00c3O<\/b>\u00a0e\u00a0<b>PREGOEIRO<\/b>\u00a0da Prefeitura Municipal de Vila Flor\/RN, para nos termos do art. 8\u00ba, da Lei Federal n.\u00ba 14.133\/2021, atuar nesta qualidade nas contrata\u00e7\u00f5es diretas e procedimentos licitat\u00f3rios deste \u00f3rg\u00e3o.<\/p>\n<p>&nbsp;<\/p>\n<p>Art. 2\u00ba Designar, nos termos do art. 2\u00ba, do\u00a0<b>DECRETO MUNICIPAL N\u00ba 11, DE 09 DE JANEIRO DE 2024<\/b>, a equipe de apoio que auxiliar\u00e1 o agente de contrata\u00e7\u00e3o e pregoeiro em suas atribui\u00e7\u00f5es, sendo esta formada pelos servidores p\u00fablicos Jhonyvan Gonzaga de Carvalho, CPF\/MF n\u00b0 115.XXX.XXX-62 e Messias Emanuel Fagundes Vicente, CPF\/MF n\u00b0 702.XXX.XXX-45.<\/p>\n<p>&nbsp;<\/p>\n<p>Art. 3\u00ba A presente portaria entra em vigor na data da sua publica\u00e7\u00e3o, com efeitos retroativos a presente data, revogando-se as disposi\u00e7\u00f5es em contr\u00e1rio.<\/p>\n<p>&nbsp;<\/p>\n<p>Registre-se;<\/p>\n<p>Publique-se;<\/p>\n<p>Cumpra-se.<\/p>\n<p>&nbsp;<\/p>\n<p>&nbsp;<\/p>\n<p><b><i>THUANNE KARLA CARVALHO DE SOUZA<\/i><\/b><\/p>\n<p><b><i><\/i><\/b>&nbsp;<\/p>\n<p>Prefeita Municipal de Vila Flor<\/p>\n<div align=\"right\">\n<b>Publicado por:<\/b><br \/>\nGrinaldo Joaquim de Souza<br \/>\n<b>C\u00f3digo Identificador:<\/b>178575A7<\/div>\n<p>&nbsp;<\/p>\n<hr \/>\n<p>Mat\u00e9ria publicada no Di\u00e1rio Oficial dos Munic\u00edpios do Estado do Rio Grande do Norte no dia 11\/01\/2024. Edi\u00e7\u00e3o 3198<br \/>\nA verifica\u00e7\u00e3o de autenticidade da mat\u00e9ria pode ser feita informando o c\u00f3digo identificador no site:<br \/>\nhttps:\/\/www.diariomunicipal.com.br\/femurn\/<\/p><\/div>\n<div class=\"pdfprnt-buttons pdfprnt-buttons-post pdfprnt-bottom-right\"><a href=\"https:\/\/vilaflor.rn.gov.br\/transparencia\/wp-json\/wp\/v2\/posts\/1008?print=pdf\" class=\"pdfprnt-button pdfprnt-button-pdf\" target=\"_blank\"><img decoding=\"async\" src=\"https:\/\/vilaflor.rn.gov.br\/transparencia\/wp-content\/plugins\/pdf-print\/images\/pdf.png\" alt=\"image_pdf\" title=\"Baixar PDF\" \/><\/a><a href=\"https:\/\/vilaflor.rn.gov.br\/transparencia\/wp-json\/wp\/v2\/posts\/1008?print=print\" class=\"pdfprnt-button pdfprnt-button-print\" target=\"_blank\"><img decoding=\"async\" src=\"https:\/\/vilaflor.rn.gov.br\/transparencia\/wp-content\/plugins\/pdf-print\/images\/print.png\" alt=\"image_print\" title=\"Conte\u00fado de impress\u00e3o\" \/><\/a><\/div>","protected":false},"excerpt":{"rendered":"<p>ESTADO DO RIO GRANDE DO NORTE PREFEITURA MUNICIPAL DE VILA FLOR SECRETARIA MUNICIPAL DE ADMINISTRA\u00c7\u00c3O PORTARIA N\u00ba 008\/2023 \u2013 GAB\/PREF. 10 DE JANEIRO DE 2024 &nbsp; Designa agente de contrata\u00e7\u00e3o, pregoeiro e equipe de apoio para conduzir as contrata\u00e7\u00f5es diretas e procedimentos licitat\u00f3rios no \u00e2mbito da Prefeitura Municipal de Vila Flor\/RN, disciplinadas pela Lei Federal [&hellip;]<\/p>\n","protected":false},"author":1,"featured_media":0,"comment_status":"open","ping_status":"open","sticky":false,"template":"","format":"standard","meta":{"ocean_post_layout":"","ocean_both_sidebars_style":"","ocean_both_sidebars_content_width":0,"ocean_both_sidebars_sidebars_width":0,"ocean_sidebar":"0","ocean_second_sidebar":"0","ocean_disable_margins":"enable","ocean_add_body_class":"","ocean_shortcode_before_top_bar":"","ocean_shortcode_after_top_bar":"","ocean_shortcode_before_header":"","ocean_shortcode_after_header":"","ocean_has_shortcode":"","ocean_shortcode_after_title":"","ocean_shortcode_before_footer_widgets":"","ocean_shortcode_after_footer_widgets":"","ocean_shortcode_before_footer_bottom":"","ocean_shortcode_after_footer_bottom":"","ocean_display_top_bar":"default","ocean_display_header":"default","ocean_header_style":"","ocean_center_header_left_menu":"0","ocean_custom_header_template":"0","ocean_custom_logo":0,"ocean_custom_retina_logo":0,"ocean_custom_logo_max_width":0,"ocean_custom_logo_tablet_max_width":0,"ocean_custom_logo_mobile_max_width":0,"ocean_custom_logo_max_height":0,"ocean_custom_logo_tablet_max_height":0,"ocean_custom_logo_mobile_max_height":0,"ocean_header_custom_menu":"0","ocean_menu_typo_font_family":"0","ocean_menu_typo_font_subset":"","ocean_menu_typo_font_size":0,"ocean_menu_typo_font_size_tablet":0,"ocean_menu_typo_font_size_mobile":0,"ocean_menu_typo_font_size_unit":"px","ocean_menu_typo_font_weight":"","ocean_menu_typo_font_weight_tablet":"","ocean_menu_typo_font_weight_mobile":"","ocean_menu_typo_transform":"","ocean_menu_typo_transform_tablet":"","ocean_menu_typo_transform_mobile":"","ocean_menu_typo_line_height":0,"ocean_menu_typo_line_height_tablet":0,"ocean_menu_typo_line_height_mobile":0,"ocean_menu_typo_line_height_unit":"","ocean_menu_typo_spacing":0,"ocean_menu_typo_spacing_tablet":0,"ocean_menu_typo_spacing_mobile":0,"ocean_menu_typo_spacing_unit":"","ocean_menu_link_color":"","ocean_menu_link_color_hover":"","ocean_menu_link_color_active":"","ocean_menu_link_background":"","ocean_menu_link_hover_background":"","ocean_menu_link_active_background":"","ocean_menu_social_links_bg":"","ocean_menu_social_hover_links_bg":"","ocean_menu_social_links_color":"","ocean_menu_social_hover_links_color":"","ocean_disable_title":"default","ocean_disable_heading":"default","ocean_post_title":"","ocean_post_subheading":"","ocean_post_title_style":"","ocean_post_title_background_color":"","ocean_post_title_background":0,"ocean_post_title_bg_image_position":"","ocean_post_title_bg_image_attachment":"","ocean_post_title_bg_image_repeat":"","ocean_post_title_bg_image_size":"","ocean_post_title_height":0,"ocean_post_title_bg_overlay":0.5,"ocean_post_title_bg_overlay_color":"","ocean_disable_breadcrumbs":"default","ocean_breadcrumbs_color":"","ocean_breadcrumbs_separator_color":"","ocean_breadcrumbs_links_color":"","ocean_breadcrumbs_links_hover_color":"","ocean_display_footer_widgets":"default","ocean_display_footer_bottom":"default","ocean_custom_footer_template":"0","ocean_post_oembed":"","ocean_post_self_hosted_media":"","ocean_post_video_embed":"","ocean_link_format":"","ocean_link_format_target":"self","ocean_quote_format":"","ocean_quote_format_link":"post","ocean_gallery_link_images":"on","ocean_gallery_id":[],"footnotes":""},"categories":[16,24,25],"tags":[],"class_list":["post-1008","post","type-post","status-publish","format-standard","hentry","category-legislacao","category-portarias","category-portarias-2024","entry"],"_links":{"self":[{"href":"https:\/\/vilaflor.rn.gov.br\/transparencia\/wp-json\/wp\/v2\/posts\/1008","targetHints":{"allow":["GET"]}}],"collection":[{"href":"https:\/\/vilaflor.rn.gov.br\/transparencia\/wp-json\/wp\/v2\/posts"}],"about":[{"href":"https:\/\/vilaflor.rn.gov.br\/transparencia\/wp-json\/wp\/v2\/types\/post"}],"author":[{"embeddable":true,"href":"https:\/\/vilaflor.rn.gov.br\/transparencia\/wp-json\/wp\/v2\/users\/1"}],"replies":[{"embeddable":true,"href":"https:\/\/vilaflor.rn.gov.br\/transparencia\/wp-json\/wp\/v2\/comments?post=1008"}],"version-history":[{"count":1,"href":"https:\/\/vilaflor.rn.gov.br\/transparencia\/wp-json\/wp\/v2\/posts\/1008\/revisions"}],"predecessor-version":[{"id":1009,"href":"https:\/\/vilaflor.rn.gov.br\/transparencia\/wp-json\/wp\/v2\/posts\/1008\/revisions\/1009"}],"wp:attachment":[{"href":"https:\/\/vilaflor.rn.gov.br\/transparencia\/wp-json\/wp\/v2\/media?parent=1008"}],"wp:term":[{"taxonomy":"category","embeddable":true,"href":"https:\/\/vilaflor.rn.gov.br\/transparencia\/wp-json\/wp\/v2\/categories?post=1008"},{"taxonomy":"post_tag","embeddable":true,"href":"https:\/\/vilaflor.rn.gov.br\/transparencia\/wp-json\/wp\/v2\/tags?post=1008"}],"curies":[{"name":"wp","href":"https:\/\/api.w.org\/{rel}","templated":true}]}}